{"id":108,"date":"2025-08-22T17:38:27","date_gmt":"2025-08-22T15:38:27","guid":{"rendered":"https:\/\/www.stephaniepiccillo.com\/?p=108"},"modified":"2025-08-22T17:38:27","modified_gmt":"2025-08-22T15:38:27","slug":"faoladh-la-saga-complete-en-format-audio","status":"publish","type":"post","link":"https:\/\/www.stephaniepiccillo.com\/index.php\/2025\/08\/22\/faoladh-la-saga-complete-en-format-audio\/","title":{"rendered":"Faoladh &#8211; La saga compl\u00e8te en format audio"},"content":{"rendered":"\n<!doctype html>\n<html lang=\"fr\">\n<head>\n  <meta charset=\"utf-8\" \/>\n  <meta name=\"viewport\" content=\"width=device-width, initial-scale=1\" \/>\n  <title>Faoladh \u2013 Tome 3 en audio : la saga au complet !<\/title>\n  <meta name=\"description\" content=\"Faoladh \u2013 Tome 3 sort en livre audio. La trilogie est d\u00e9sormais disponible en int\u00e9gralit\u00e9 sur vos plateformes d'\u00e9coute habituelles.\" \/>\n\n  <!-- Open Graph \/ SEO -->\n  <meta property=\"og:type\" content=\"article\" \/>\n  <meta property=\"og:title\" content=\"Faoladh \u2013 Tome 3 en audio : la saga au complet !\" \/>\n  <meta property=\"og:description\" content=\"Bonne nouvelle : le Tome 3 de Faoladh est disponible en audio et la saga est d\u00e9sormais compl\u00e8te au format livre audio.\" \/>\n  <meta property=\"og:image\" content=\"https:\/\/m.media-amazon.com\/images\/I\/51OZD+iI7+L._SL250_.jpg\" \/>\n  <meta property=\"og:url\" content=\"https:\/\/www.audible.fr\/pd\/LAscension-Livre-Audio\/B0FK5574NJ?ref_pageloadid=not_applicable&#038;pf_rd_p=c7e93ae2-1fac-46ac-94f3-47d75724884f&#038;pf_rd_r=WFGNE5EBYCQ9H0C0WY57&#038;plink=CTvwX1CnTK18ANvm&#038;pageLoadId=L7vVoXLPMK0JeMvE&#038;creativeId=c5e7b07e-1254-41c0-baf7-d1faa9e73eb3&#038;ref=a_series_Fa_c5_lProduct_1_3\" \/>\n  <meta name=\"twitter:card\" content=\"summary_large_image\" \/>\n\n  <style>\n    :root{--bg:#0f0f12;--fg:#0a0a0c;--ink:#111216;--text:#1b1e24;--accent:#b91c1c;--muted:#6b7280;--paper:#ffffff}\n    *{box-sizing:border-box}\n    body{margin:0;font-family:system-ui,-apple-system,Segoe UI,Roboto,Ubuntu,Cantarell,Noto Sans,sans-serif;line-height:1.6;background:#f7f7fb;color:#101217}\n    .wrap{max-width:900px;margin:auto;padding:2rem 1.25rem}\n    .hero{position:relative;border-radius:20px;overflow:hidden;background:linear-gradient(180deg, #0f172a 0%, #111827 100%);color:#fff;padding:2.25rem}\n    .hero h1{margin:0 0 0.5rem;font-size:clamp(1.6rem,2.8vw,2.4rem);letter-spacing:.2px}\n    .hero p{margin:0;font-size:clamp(1rem,1.6vw,1.15rem);opacity:.95}\n    .badge{display:inline-flex;align-items:center;gap:.5rem;background:rgba(255,255,255,.1);padding:.4rem .75rem;border:1px solid rgba(255,255,255,.22);border-radius:999px;font-size:.9rem}\n    .grid{display:grid;grid-template-columns:1fr;gap:1.25rem;margin-top:1.5rem}\n    @media(min-width:860px){.grid{grid-template-columns:1.1fr .9fr}}\n    .card{background:#fff;border:1px solid #ececf1;border-radius:16px;padding:1.25rem}\n    .card h2{margin:.25rem 0 .5rem;font-size:1.25rem}\n    .platforms{display:flex;flex-wrap:wrap;gap:.6rem}\n    .btn{display:inline-flex;align-items:center;justify-content:center;gap:.6rem;text-decoration:none;font-weight:600;border-radius:12px;padding:.7rem 1rem;border:1px solid transparent}\n    .btn-primary{background:#111827;color:#fff}\n    .btn-primary:hover{filter:brightness(1.05)}\n    .btn-ghost{background:#fff;border-color:#e5e7eb;color:#111827}\n    .btn-ghost:hover{background:#f9fafb}\n    .kicker{color:#374151;text-transform:uppercase;letter-spacing:.12em;font-weight:700;font-size:.8rem}\n    figure{margin:0}\n    .cover{width:100%;height:auto;border-radius:14px;border:1px solid #e6e6ee}\n    .note{font-size:.95rem;color:#4b5563}\n    .list{padding-left:1.25rem}\n    .cta{display:flex;gap:.75rem;flex-wrap:wrap;margin-top:1rem}\n    .sep{height:1px;background:#ececf1;margin:2rem 0}\n    .footer{font-size:.9rem;color:#6b7280}\n  <\/style>\n\n  <!-- Structured data -->\n  <script type=\"application\/ld+json\">\n  {\n    \"@context\": \"https:\/\/schema.org\",\n    \"@type\": \"BlogPosting\",\n    \"headline\": \"Faoladh \u2013 Tome 3 en audio : la saga au complet !\",\n    \"image\": [\"https:\/\/m.media-amazon.com\/images\/I\/51OZD+iI7+L._SL500_.jpg\"],\n    \"datePublished\": \"2025-08-22\",\n    \"dateModified\": \"2025-08-22\",\n    \"author\": {\"@type\": \"Person\", \"name\": \"St\u00e9phanie Piccillo\"},\n    \"description\": \"Annonce de la sortie audio du Tome 3 de Faoladh et disponibilit\u00e9 de la saga enti\u00e8re en livre audio sur les plateformes d'\u00e9coute.\"\n  }\n  <\/script>\n<\/head>\n<body>\n  <main class=\"wrap\">\n    <article>\n      <section class=\"hero\">\n        <div class=\"badge\" aria-label=\"Nouveaut\u00e9 audio\">\ud83d\udd0a Nouveaut\u00e9 audio<\/div>\n        <h1>Faoladh \u2013 Tome 3 est disponible en livre audio \ud83c\udfa7<\/h1>\n        <p>Bonne nouvelle : <strong>la saga Faoladh est d\u00e9sormais enti\u00e8rement disponible en audio<\/strong>\u00a0! Le <strong>Tome\u00a03<\/strong> rejoint les deux premiers volumes, pour une immersion totale au c\u0153ur de l\u2019univers Faoladh, <em>o\u00f9 vous voulez, quand vous voulez<\/em>.<\/p>\n        <div class=\"cta\">\n          <a class=\"btn btn-primary\" href=\"https:\/\/www.audible.fr\/pd\/LAscension-Livre-Audio\/B0FK5574NJ?ref_pageloadid=not_applicable&#038;pf_rd_p=c7e93ae2-1fac-46ac-94f3-47d75724884f&#038;pf_rd_r=WFGNE5EBYCQ9H0C0WY57&#038;plink=CTvwX1CnTK18ANvm&#038;pageLoadId=L7vVoXLPMK0JeMvE&#038;creativeId=c5e7b07e-1254-41c0-baf7-d1faa9e73eb3&#038;ref=a_series_Fa_c5_lProduct_1_3\" aria-label=\"\u00c9couter Faoladh Tome 3 \">\u00c9couter le Tome\u00a03<\/a>\n          <a class=\"btn btn-ghost\" href=\"https:\/\/www.audible.fr\/pd\/Retour-aux-sources-Livre-Audio\/B0BSLVBYZN?ref_pageloadid=gzIL7FfoR0905v3K&#038;pf_rd_p=69b200e1-b814-44d0-ba42-a6e157e4ac72&#038;pf_rd_r=2RYGQZG7FJ7H9CS2BQK7&#038;plink=ZITH5sryY1rTbQeL&#038;pageLoadId=m65pYFX1kksOuB5H&#038;creativeId=83220593-1d50-4883-bad4-b5d505543719&#038;ref=a_author_St_c9_lProduct_1_1\" aria-label=\"D\u00e9couvrir la saga audio compl\u00e8te \">D\u00e9couvrir la saga audio<\/a>\n        <\/div>\n      <\/section>\n\n      <section class=\"grid\" aria-label=\"Contenu et visuel\">\n        <div class=\"card\">\n          <p class=\"kicker\">La saga au complet<\/p>\n          <h2>\u00c9coutez Faoladh du d\u00e9but \u00e0 la fin<\/h2>\n          <p>Que vous d\u00e9couvriez l\u2019histoire ou que vous souhaitiez la revivre, vous pouvez d\u00e9sormais <strong>\u00e9couter les trois tomes<\/strong> dans l\u2019ordre\u00a0:<\/p>\n          <ol class=\"list\">\n            <li><strong>Faoladh \u2014 Tome\u00a01<\/strong> (<a href=\"https:\/\/www.audible.fr\/pd\/Retour-aux-sources-Livre-Audio\/B0BSLVBYZN?ref_pageloadid=gzIL7FfoR0905v3K&#038;pf_rd_p=69b200e1-b814-44d0-ba42-a6e157e4ac72&#038;pf_rd_r=2RYGQZG7FJ7H9CS2BQK7&#038;plink=ZITH5sryY1rTbQeL&#038;pageLoadId=m65pYFX1kksOuB5H&#038;creativeId=83220593-1d50-4883-bad4-b5d505543719&#038;ref=a_author_St_c9_lProduct_1_1\">audio<\/a>)<\/li>\n            <li><strong>Faoladh \u2014 Tome\u00a02<\/strong> (<a href=\"https:\/\/www.audible.fr\/pd\/La-prophetie-du-Croissant-de-Lune-Livre-Audio\/B0BTZ6X1DY?ref_pageloadid=Js11LHMh5xzB8Q9F&#038;pf_rd_p=69b200e1-b814-44d0-ba42-a6e157e4ac72&#038;pf_rd_r=P64CWR92Q2FPEPH8D6XS&#038;plink=dHsG0mMINOcmcj3E&#038;pageLoadId=abDQwaSxwjtnfRko&#038;creativeId=83220593-1d50-4883-bad4-b5d505543719&#038;ref=a_author_St_c9_lProduct_1_5\">audio<\/a>)<\/li>\n            <li><strong>Faoladh \u2014 Tome\u00a03<\/strong> (<a href=\"https:\/\/www.audible.fr\/pd\/LAscension-Livre-Audio\/B0FK5574NJ?ref_pageloadid=Js11LHMh5xzB8Q9F&#038;pf_rd_p=69b200e1-b814-44d0-ba42-a6e157e4ac72&#038;pf_rd_r=P64CWR92Q2FPEPH8D6XS&#038;plink=dHsG0mMINOcmcj3E&#038;pageLoadId=abDQwaSxwjtnfRko&#038;creativeId=83220593-1d50-4883-bad4-b5d505543719&#038;ref=a_author_St_c9_lProduct_1_2\">audio<\/a>)<\/li>\n          <\/ol>\n        \n          <div class=\"sep\"><\/div>\n          <h2>Disponible sur vos plateformes d\u2019\u00e9coute habituelles<\/h2>\n          <p>Le Tome\u00a03 et la <strong>saga compl\u00e8te<\/strong> sont accessibles <strong>sur toutes les plateformes d\u00e9di\u00e9es<\/strong>\u00a0: vos librairies num\u00e9riques et services de livres audio habituels.<\/p>\n          <div class=\"platforms\" role=\"list\" aria-label=\"Plateformes\">\n            <!-- Remplacez les liens par vos URL directes -->\n            <a class=\"btn btn-ghost\" role=\"listitem\" href=\"https:\/\/www.audible.fr\/author\/Stephanie-Piccillo\/B0921Q45Y3?ref_pageloadid=abDQwaSxwjtnfRko&#038;pf_rd_p=dcec1ddb-82ce-4fb6-aa8c-e9902ad488d5&#038;pf_rd_r=82RTBYN21NG36PW4DRPQ&#038;plink=zwk7qHIYWNrCy9aI&#038;pageLoadId=UgXhMML7OMqKeQS1&#038;creativeId=2b976816-4201-44fc-989c-4535caab7c59&#038;ref=a_pd_LAscen_pin_author_1\" aria-label=\"Audible\">Audible<\/a>\n            <a class=\"btn btn-ghost\" role=\"listitem\" href=\"https:\/\/books.apple.com\/es\/audiobook\/faoladh-tome-2-la-proph%C3%A9tie-du-croissant-de-lune\/id1669468561\" aria-label=\"Apple Books\">Apple\u00a0Books<\/a>\n            <a class=\"btn btn-ghost\" role=\"listitem\" href=\"https:\/\/www.kobo.com\/lu\/fr\/search?query=st%C3%A9phanie+piccillo&#038;ac=1&#038;acp=st%C3%A9phanie+piccillo&#038;ac.author=st%C3%A9phanie+piccillo&#038;sort=Temperature&#038;fclanguages=fr\" aria-label=\"Kobo\">Kobo<\/a>\n            <a class=\"btn btn-ghost\" role=\"listitem\" href=\"https:\/\/play.google.com\/store\/audiobooks\/details\/St%C3%A9phanie_Piccillo_Faoladh_Tome_1_Retour_aux_sourc?id=AQAAAEDChSrF-M\" aria-label=\"Google Play Livres\">Google\u00a0Play\u00a0Livres<\/a>\n            <a class=\"btn btn-ghost\" role=\"listitem\" href=\"https:\/\/open.spotify.com\/intl-fr\/artist\/0uhLeALVbq9m45x3RoD7ac\" aria-label=\"Spotify\">Spotify<\/a>\n            <a class=\"btn btn-ghost\" role=\"listitem\" href=\"https:\/\/www.deezer.com\/fr\/artist\/197592787\" aria-label=\"Deezer\">Deezer<\/a>\n          <\/div>\n        <\/div>\n\n        <aside class=\"card\" aria-label=\"Illustration de couverture\">\n          <figure>\n            <img decoding=\"async\" class=\"cover\" src=\"https:\/\/m.media-amazon.com\/images\/I\/51OZD+iI7+L._SL250_.jpg\" alt=\"Couverture du livre audio Faoladh \u2014 Tome\u00a03\" \/>\n            <figcaption class=\"note\">Illustration\u00a0: couverture du <strong>Tome\u00a03<\/strong> (version audio).<\/figcaption>\n          <\/figure>\n          <div class=\"sep\"><\/div>\n          <h2>Restez inform\u00e9s<\/h2>\n          <p>Envie d\u2019\u00eatre averti\u00b7e des prochaines sorties, bonus et coulisses\u00a0? Abonnez\u2011vous \u00e0 la newsletter.<\/p>\n          <a class=\"btn btn-primary\" href=\"https:\/\/www.stephaniepiccillo.com\/index.php\/newsletter\/\">S\u2019abonner \u00e0 la newsletter<\/a>\n        <\/aside>\n      <\/section>\n\n      <section class=\"card\" aria-label=\"\u00c0 propos de l\u2019\u00e9dition audio\">\n        <h2>Pourquoi l\u2019\u00e9couter en audio\u00a0?<\/h2>\n        <ul class=\"list\">\n          <li>Pour <strong>red\u00e9couvrir l\u2019univers<\/strong> Faoladh avec une nouvelle intensit\u00e9.<\/li>\n          <li>Pour emporter l\u2019histoire <strong>partout<\/strong>\u00a0: en voiture, en balade, \u00e0 la maison.<\/li>\n          <li>Parce que la saga est <strong>d\u00e9sormais compl\u00e8te au format audio<\/strong>\u00a0: pas besoin d\u2019attendre entre les tomes\u00a0!<\/li>\n        <\/ul>\n      <\/section>\n\n      <footer class=\"footer\">\n        <p>Publi\u00e9 le <time datetime=\"2025-08-22\">22 ao\u00fbt 2025<\/time> \u2014 par St\u00e9phanie Piccillo.<\/p>\n        <p>\ud83d\udc49 Besoin d\u2019aide\u00a0? \u00c9cris\u2011moi via le formulaire de contact du site.<\/p>\n      <\/footer>\n    <\/article>\n  <\/main>\n<\/body>\n<\/html>\n\n","protected":false},"excerpt":{"rendered":"<p>Faoladh \u2013 Tome 3 en audio : la saga au complet ! \ud83d\udd0a Nouveaut\u00e9 audio&hellip;<\/p>\n","protected":false},"author":1,"featured_media":109,"comment_status":"open","ping_status":"open","sticky":false,"template":"","format":"standard","meta":{"_crdt_document":"","footnotes":""},"categories":[1],"tags":[],"class_list":["post-108","post","type-post","status-publish","format-standard","has-post-thumbnail","hentry","category-non-classe"],"_links":{"self":[{"href":"https:\/\/www.stephaniepiccillo.com\/index.php\/wp-json\/wp\/v2\/posts\/108","targetHints":{"allow":["GET"]}}],"collection":[{"href":"https:\/\/www.stephaniepiccillo.com\/index.php\/wp-json\/wp\/v2\/posts"}],"about":[{"href":"https:\/\/www.stephaniepiccillo.com\/index.php\/wp-json\/wp\/v2\/types\/post"}],"author":[{"embeddable":true,"href":"https:\/\/www.stephaniepiccillo.com\/index.php\/wp-json\/wp\/v2\/users\/1"}],"replies":[{"embeddable":true,"href":"https:\/\/www.stephaniepiccillo.com\/index.php\/wp-json\/wp\/v2\/comments?post=108"}],"version-history":[{"count":1,"href":"https:\/\/www.stephaniepiccillo.com\/index.php\/wp-json\/wp\/v2\/posts\/108\/revisions"}],"predecessor-version":[{"id":112,"href":"https:\/\/www.stephaniepiccillo.com\/index.php\/wp-json\/wp\/v2\/posts\/108\/revisions\/112"}],"wp:featuredmedia":[{"embeddable":true,"href":"https:\/\/www.stephaniepiccillo.com\/index.php\/wp-json\/wp\/v2\/media\/109"}],"wp:attachment":[{"href":"https:\/\/www.stephaniepiccillo.com\/index.php\/wp-json\/wp\/v2\/media?parent=108"}],"wp:term":[{"taxonomy":"category","embeddable":true,"href":"https:\/\/www.stephaniepiccillo.com\/index.php\/wp-json\/wp\/v2\/categories?post=108"},{"taxonomy":"post_tag","embeddable":true,"href":"https:\/\/www.stephaniepiccillo.com\/index.php\/wp-json\/wp\/v2\/tags?post=108"}],"curies":[{"name":"wp","href":"https:\/\/api.w.org\/{rel}","templated":true}]}}